{"id":363,"date":"2023-03-01T19:38:39","date_gmt":"2023-03-01T18:38:39","guid":{"rendered":"http:\/\/www.gualchieradicoiano.it\/?p=363"},"modified":"2023-03-01T19:38:39","modified_gmt":"2023-03-01T18:38:39","slug":"tesseramento-2023","status":"publish","type":"post","link":"https:\/\/www.gualchieradicoiano.it\/index.php\/2023\/03\/01\/tesseramento-2023\/","title":{"rendered":"Tesseramento 2023"},"content":{"rendered":"\n<p><a><\/a> Prato 13 febbraio 2023<\/p>\n\n\n\n<p>A tutti i soci e cittadini interessati<\/p>\n\n\n\n<p>Oggetto: Associazione INSIEME PER IL RECUPERO DELLA GUALCHIERA DI COIANO \u2013Tesseramento 2023 \u2013 <em>Questo messaggio interessa chi ha gi\u00e0 provveduto al rinnovo della tessera <\/em><em>solo per le ultime notizie<\/em><\/p>\n\n\n\n<p>Carissime\/i<\/p>\n\n\n\n<p>Vi invitiamo a rinnovare la vostra tessera per il 2023.<\/p>\n\n\n\n<p>Siamo purtroppo costretti ad aumentare la quota associativa base,portandola da 5 a 10 Euro; questo piccolo vostro contributo per noi \u00e8 di grande importanza perch\u00e9 come sapete la nostra Associazione non dispone di altre risorse se non quelle derivate dai soci e altri cittadini volenterosi.<\/p>\n\n\n\n<p>Ricordiamo che il proprietario \u00e8 il Comune di Prato ma,come \u00e8 noto, anche su questo versante le disponibilit\u00e0 finanziarie per l\u2019 ordinaria manutenzione, fino ad oggi, non sono state particolarmente significative.<\/p>\n\n\n\n<p>Vogliamo accennare alle cose liete ricordando che anche quest\u2019anno abbiamo vissuto, insieme a tantissimi di voi, una bellissima \u201cEstate in Giardino\u201d.<\/p>\n\n\n\n<p>Ma finalmente anche il Comune si sta muovendo; a questo proposito vi ricordiamo che abbiamo provveduto a redigere a nostre spese il progetto per il recupero della intera struttura, consegnato alla AC il 21 dicembre del 2020, che verr\u00e0 utilizzato dal Comune per i lavori necessari ed \u00e8 quasi certo che, grazie ai fondi del PNRR, per un primo lotto, cio\u00e8 interventi di manutenzione straordinaria e rifacimento di alcune parti della copertura dell\u2019area dove sono collocate le antiche macchine, per un totale di 300.000 \u20ac, a breve il Comune inizier\u00e0 la procedura di appalto.<\/p>\n\n\n\n<p>E questa \u00e8 una bella notizia!<\/p>\n\n\n\n<p>Ma non \u00e8 finita qu\u00ec; a Ottobre il FAI ci ha comunicato che, quali primi classificati nella graduatoria \u201cnon finanziati\u201d del bando <em>I Luoghi del Cuore<\/em> 2018, grazie alle 7.300 firme, ci verranno assegnati 15.000 \u20ac con cui potremo rimettere in funzione una delle due antiche turbine idrauliche\u2026<\/p>\n\n\n\n<p>Noi intanto, a piccoli passi, continuiamo con le nostre risorse e un gruppo eccezionale di soci, a portare avanti tanti altri lavori che vi mostreremo quando verrete per la tessera.<\/p>\n\n\n\n<p>Ricordiamo infine a tutti che dal prossimo sabato 18 febbraio teniamo aperta dalle 10 alle 12 la Gualchiera, oltre che per consentire il rinnovo dell&#8217;iscrizione 2023, ANCHE PER DARVI LA POSSIBILITA\u2019 DI VISITARE I REPERTI RIPORTATI RECENTEMENTE ALLA LUCE DAI VOLONTARI DELL&#8217;ASSOCIAZIONE: dal primo margone risalente al 1100, alla casa del mugnaio, tracce storiche che testimoniano le trasformazioni che si sono succedute nel tempo dell&#8217;intero complesso.<\/p>\n\n\n\n<p><strong>Vi aspettiamo fin dal prossimo 18 febbraio ogni sabato fino al 25 marzo compreso dalle 10 alle 12 alla Gualchiera<\/strong><\/p>\n\n\n\n<p>Grazie!&nbsp;<\/p>\n\n\n\n<p>Cordiali saluti<\/p>\n\n\n\n<p>Il presidente Roberto Dei<\/p>\n","protected":false},"excerpt":{"rendered":"<p>Prato 13 febbraio 2023 A tutti i soci e cittadini interessati Oggetto: Associazione INSIEME PER IL RECUPERO DELLA GUALCHIERA DI COIANO \u2013Tesseramento 2023 \u2013 Questo messaggio interessa chi ha gi\u00e0 provveduto al rinnovo della tessera solo per le ultime notizie Carissime\/i Vi invitiamo a rinnovare la vostra tessera per il 2023. Siamo purtroppo costretti ad &hellip; <\/p>\n<p class=\"link-more\"><a href=\"https:\/\/www.gualchieradicoiano.it\/index.php\/2023\/03\/01\/tesseramento-2023\/\" class=\"more-link\">Leggi tutto<span class=\"screen-reader-text\"> &#8220;Tesseramento 2023&#8221;<\/span><\/a><\/p>\n","protected":false},"author":1,"featured_media":0,"comment_status":"closed","ping_status":"open","sticky":false,"template":"","format":"standard","meta":{"footnotes":""},"categories":[4],"tags":[],"class_list":["post-363","post","type-post","status-publish","format-standard","hentry","category-news"],"_links":{"self":[{"href":"https:\/\/www.gualchieradicoiano.it\/index.php\/wp-json\/wp\/v2\/posts\/363","targetHints":{"allow":["GET"]}}],"collection":[{"href":"https:\/\/www.gualchieradicoiano.it\/index.php\/wp-json\/wp\/v2\/posts"}],"about":[{"href":"https:\/\/www.gualchieradicoiano.it\/index.php\/wp-json\/wp\/v2\/types\/post"}],"author":[{"embeddable":true,"href":"https:\/\/www.gualchieradicoiano.it\/index.php\/wp-json\/wp\/v2\/users\/1"}],"replies":[{"embeddable":true,"href":"https:\/\/www.gualchieradicoiano.it\/index.php\/wp-json\/wp\/v2\/comments?post=363"}],"version-history":[{"count":1,"href":"https:\/\/www.gualchieradicoiano.it\/index.php\/wp-json\/wp\/v2\/posts\/363\/revisions"}],"predecessor-version":[{"id":364,"href":"https:\/\/www.gualchieradicoiano.it\/index.php\/wp-json\/wp\/v2\/posts\/363\/revisions\/364"}],"wp:attachment":[{"href":"https:\/\/www.gualchieradicoiano.it\/index.php\/wp-json\/wp\/v2\/media?parent=363"}],"wp:term":[{"taxonomy":"category","embeddable":true,"href":"https:\/\/www.gualchieradicoiano.it\/index.php\/wp-json\/wp\/v2\/categories?post=363"},{"taxonomy":"post_tag","embeddable":true,"href":"https:\/\/www.gualchieradicoiano.it\/index.php\/wp-json\/wp\/v2\/tags?post=363"}],"curies":[{"name":"wp","href":"https:\/\/api.w.org\/{rel}","templated":true}]}}